{"id":6122,"date":"2024-05-30T09:34:22","date_gmt":"2024-05-30T08:34:22","guid":{"rendered":"https:\/\/www.galecosm.com\/?p=6122"},"modified":"2026-01-13T11:49:56","modified_gmt":"2026-01-13T10:49:56","slug":"anche-nel-2024-viaggiamo-a-tutta-birra","status":"publish","type":"post","link":"https:\/\/www.galecosm.com\/it\/anche-nel-2024-viaggiamo-a-tutta-birra\/","title":{"rendered":"Anche nel 2024, viaggiamo a tutta birra!"},"content":{"rendered":"<section class=\"l-section wpb_row height_medium\"><div class=\"l-section-h i-cf\"><div class=\"g-cols vc_row via_flex valign_top type_default stacking_default\"><div class=\"vc_col-sm-12 wpb_column vc_column_container\"><div class=\"vc_column-inner\"><div class=\"wpb_wrapper\"><div class=\"wpb_text_column\"><div class=\"wpb_wrapper\"><p><strong>Intervista a: Alfredo Radice (CEO Gale &amp; Cosm) per <em>Kosmetica (<a href=\"https:\/\/www.kosmeticanews.it\/\">https:\/\/www.kosmeticanews.it\/<\/a>)<\/em><\/strong><\/p>\n<\/div><\/div><div class=\"wpb_text_column\"><div class=\"wpb_wrapper\"><p>Un nuovo prodotto dalle prerogative antiossidanti e schiarenti e derivato dai processi di <em>upcycling<\/em> dell\u2019apprezzatissima bevanda bionda \u00e8 destinato ad arricchire quest\u2019anno il portfolio d\u2019offerta di un celebre distributore di attivi e ingredienti cosmetici riconosciuto ora come un\u2019eccellenza nazionale.<\/p>\n<\/div><\/div><\/div><\/div><\/div><\/div><\/div><\/section><section class=\"l-section wpb_row height_medium\"><div class=\"l-section-h i-cf\"><div class=\"g-cols vc_row via_flex valign_top type_default stacking_default\"><div class=\"vc_col-sm-12 wpb_column vc_column_container\"><div class=\"vc_column-inner\"><div class=\"wpb_wrapper\"><div class=\"wpb_text_column\"><div class=\"wpb_wrapper\"><p><strong>di <em>Roberto Carminati<\/em><\/strong><\/p>\n<\/div><\/div><\/div><\/div><\/div><\/div><\/div><\/section><section class=\"l-section wpb_row height_medium\"><div class=\"l-section-h i-cf\"><div class=\"g-cols vc_row via_flex valign_top type_default stacking_default\"><div class=\"vc_col-sm-12 wpb_column vc_column_container\"><div class=\"vc_column-inner\"><div class=\"wpb_wrapper\"><div class=\"wpb_text_column\"><div class=\"wpb_wrapper\"><p>L\u2019input dello studioso e saggista Gianni Proserpio \u00e8 stato determinante oltre vent\u2019anni orsono per la nascita del distributore milanese di attivi e materie prime per l\u2019industria cosmetica Gale &amp; Cosm. Le competenze maturate nel corso della sua vicenda imprenditoriale sono state invece decisive per permettere alla societ\u00e0 di cogliere traguardi via via sempre pi\u00f9 ambiziosi e importanti. Il pi\u00f9 recente \u00e8 rappresentato dalla menzione nell\u2019elenco 2023-2024 delle Eccellenze italiane stilato dal ministero per lo Sviluppo economico; e da qui \u00e8 partita l\u2019intervista all\u2019amministratore unico Alfredo Radice.<\/p>\n<\/div><\/div><div class=\"w-image align_none\"><div class=\"w-image-h\"><img decoding=\"async\" width=\"768\" height=\"1024\" src=\"https:\/\/www.galecosm.com\/wp-content\/uploads\/2024\/05\/foto-1-768x1024.jpg\" class=\"attachment-large size-large\" alt=\"\" loading=\"lazy\" srcset=\"https:\/\/www.galecosm.com\/wp-content\/uploads\/2024\/05\/foto-1-768x1024.jpg 768w, https:\/\/www.galecosm.com\/wp-content\/uploads\/2024\/05\/foto-1-225x300.jpg 225w, https:\/\/www.galecosm.com\/wp-content\/uploads\/2024\/05\/foto-1-350x467.jpg 350w, https:\/\/www.galecosm.com\/wp-content\/uploads\/2024\/05\/foto-1.jpg 1500w\" sizes=\"auto, (max-width: 768px) 100vw, 768px\" \/><\/div><\/div><\/div><\/div><\/div><\/div><\/div><\/section><section class=\"l-section wpb_row height_medium\"><div class=\"l-section-h i-cf\"><div class=\"g-cols vc_row via_flex valign_top type_default stacking_default\"><div class=\"vc_col-sm-12 wpb_column vc_column_container\"><div class=\"vc_column-inner\"><div class=\"wpb_wrapper\"><div class=\"wpb_text_column\"><div class=\"wpb_wrapper\"><p><strong>Cosa significa il riconoscimento per Gale &amp; Cosm e quali impulsi pu\u00f2 dare al Vostro <em>business<\/em>? <\/strong><\/p>\n<p>Essere riconosciuti come <em>eccellenza<\/em> a livello istituzionale \u00e8 per noi un incredibile onore e una grande soddisfazione. Dopo tanti anni di attivit\u00e0 rappresenta sicuramente un premio importante per noi che operiamo sia in Italia e sia, soprattutto, all\u2019estero, dove il <em>made in Italy<\/em> \u00e8 da sempre sinonimo di alta qualit\u00e0. Ci aspettiamo che questa certificazione possa dare piena testimonianza dell\u2019ottimo lavoro che cerchiamo di svolgere nei confronti dei <em>partner<\/em> e distributori a livello mondiale e che questo porti a rafforzare ulteriormente il rapporto di fiducia con collaboratori e clienti. Questo ci permette infatti di posizionarci distintamente nel mercato rispetto ai concorrenti.<\/p>\n<\/div><\/div><\/div><\/div><\/div><\/div><\/div><\/section><section class=\"l-section wpb_row height_medium\"><div class=\"l-section-h i-cf\"><div class=\"g-cols vc_row via_flex valign_top type_default stacking_default\"><div class=\"vc_col-sm-12 wpb_column vc_column_container\"><div class=\"vc_column-inner\"><div class=\"wpb_wrapper\"><div class=\"wpb_text_column\"><div class=\"wpb_wrapper\"><p><strong>Come Vi siete affacciati al 2024 e quali ritenete che siano le principali sfide da affrontare ora?<\/strong><\/p>\n<p>Il 2023 \u00e8 stato per noi un anno di crescita significativa ed \u00e8 stato foriero di notevoli soddisfazioni. Per questo siamo quindi entrati nel 2024 con l\u2019aspettativa di migliorarci ancor pi\u00f9 sia dal punto di vista dell\u2019espansione aziendale e sia da un punto di vista strettamente qualitativo. Una delle sfide pi\u00f9 importanti che il mondo cosmetico ci presenta oggi \u00e8 sicuramente data dalla sostenibilit\u00e0, dalla naturalit\u00e0 e l\u2019attenzione all\u2019origine dei prodotti. Per questo motivo puntiamo molto sul nostro <em>savoir-faire<\/em> tutto italiano e su soluzioni sempre pi\u00f9 <em>green<\/em> e innovative. Fortunatamente i nostri investimenti seguono questa direzione da tempo, conferendoci un solido <em>expertise<\/em> sull\u2019argomento.<\/p>\n<p>Il lavoro di Marcello Radice e di tutto il team dell\u2019azienda \u00e8 stato essenziale in supporto a queste iniziative.<\/p>\n<\/div><\/div><\/div><\/div><\/div><\/div><\/div><\/section><section class=\"l-section wpb_row height_medium\"><div class=\"l-section-h i-cf\"><div class=\"g-cols vc_row via_flex valign_top type_default stacking_default\"><div class=\"vc_col-sm-12 wpb_column vc_column_container\"><div class=\"vc_column-inner\"><div class=\"wpb_wrapper\"><div class=\"wpb_text_column\"><div class=\"wpb_wrapper\"><p><strong>Quali novit\u00e0 caratterizzano la Vostra partecipazione ai principali eventi fieristici dell\u2019anno?<\/strong><\/p>\n<p>Il nostro dipartimento di Ricerca e sviluppo non si ferma mai ed \u00e8 costantemente concentrato su inedite soluzioni <em>verdi<\/em>, sostenibili e del tutto allineati alle tendenze del mercato. Pertanto, anche quest\u2019anno e in particolare in occasione della fiera In-Cosmetics Global \u00e8 stato pianificato il lancio di una nuova materia prima frutto di oltre un anno di studio e duro lavoro. Grazie alla preziosa collaborazione con l\u2019universit\u00e0 degli Studi di Pavia presenteremo un prodotto con funzionalit\u00e0 antiossidanti e schiarenti, derivato dall\u2019<em>upcycling<\/em> della birra. L\u2019idea anti-spreco che sta dietro alla sua realizzazione non pu\u00f2 che essere l\u2019obiettivo fondamentale per chiunque operi oggi nel settore.<\/p>\n<\/div><\/div><\/div><\/div><\/div><\/div><\/div><\/section><section class=\"l-section wpb_row height_medium\"><div class=\"l-section-h i-cf\"><div class=\"g-cols vc_row via_flex valign_top type_default stacking_default\"><div class=\"vc_col-sm-12 wpb_column vc_column_container\"><div class=\"vc_column-inner\"><div class=\"wpb_wrapper\"><div class=\"wpb_text_column\"><div class=\"wpb_wrapper\"><p><strong>I cambiamenti interesseranno anche l\u2019organizzazione e le strategie della Vostra societ\u00e0?<\/strong><\/p>\n<p>Senz\u2019altro: Gale &amp; Cosm ha inaugurato un laboratorio esterno, collocato in Umbria, che va ad affiancarsi a quello gi\u00e0 integrato presso i nostri uffici operativi. Il nuovo laboratorio si chiama SALT e il responsabile \u00e8 il nostro Direttore Scientifico, il Dottor Guido Bregaglio. Uno dei traguardi che ci siamo posti per l\u2019imminente futuro \u00e8 il rafforzamento del rapporto diretto con i clienti, che possono contare su di noi per tutte le esigenze inerenti al supporto tecnico e formulativo per percorsi di <em>training<\/em> specifici sull\u2019utilizzo dei nostri prodotti. Il nuovo laboratorio di Borgo Trevi \u00e8 destinato a sostenere l\u2019attivit\u00e0 di <em>R&amp;D<\/em> e a farsi pertanto portavoce di tutti i <em>target<\/em> di sostenibilit\u00e0 e naturalit\u00e0 programmati, andando al tempo stesso a focalizzare gli studi proprio su nuove materie prime <em>green<\/em>.<\/p>\n<\/div><\/div><\/div><\/div><\/div><\/div><\/div><\/section><section class=\"l-section wpb_row height_medium\"><div class=\"l-section-h i-cf\"><div class=\"g-cols vc_row via_flex valign_top type_default stacking_default\"><div class=\"vc_col-sm-12 wpb_column vc_column_container\"><div class=\"vc_column-inner\"><div class=\"wpb_wrapper\"><div class=\"wpb_text_column\"><div class=\"wpb_wrapper\"><p><strong>Se certificazione fa rima con esportazione<\/strong><\/p>\n<p>Gale &amp; Cosm ha la sua sede legale a Milano e quella operativa a Bollate (nell\u2019<em>hinterland<\/em>) dove sorge anche un laboratorio di supporto alla clientela. Un altro laboratorio, che ospita corsi di aggiornamento e ricerca, \u00e8 stato aperto a Borgo Trevi in provincia di Perugia, mentre in Toscana si trova il <em>plant<\/em> per la produzione di bava di lumaca certificato <em>Bio<\/em>. Tre i magazzini: a Bollate, Lainate e Garbagnate Milanese. L\u2019azienda sta ampliando il ventaglio di materie prime certificate Vegan, Cosmos e Halal, con l\u2019intenzione di consolidare la sua presenza anche sui panorami internazionali. Per restare al corrente delle evoluzioni normative e delle novit\u00e0 di settore collabora con enti di ricerca e universit\u00e0 ed \u00e8 associata a sigle quali Cosmetica Italia, Cosmopolo, SICC (Societ\u00e0 italiana di Chimica e scienze cosmetologiche) e AssICC, l\u2019Associazione italiana del commercio chimico.<\/p>\n<\/div><\/div><div class=\"w-separator size_small with_line width_default thick_1 style_solid color_border align_center\"><div class=\"w-separator-h\"><\/div><\/div><\/div><\/div><\/div><\/div><\/div><\/section><section class=\"l-section wpb_row height_medium\"><div class=\"l-section-h i-cf\"><div class=\"g-cols vc_row via_flex valign_top type_default stacking_default\"><div class=\"vc_col-sm-12 wpb_column vc_column_container\"><div class=\"vc_column-inner\"><div class=\"wpb_wrapper\"><div class=\"wpb_text_column\"><div class=\"wpb_wrapper\"><p><strong>I NOSTRI NUMERI<\/strong><\/p>\n<p>8 milioni di euro: il fatturato<\/p>\n<p>+15%: il tasso di crescita annuo nell\u2019ultimo triennio<\/p>\n<p>16: gli addetti del suo <em>team<\/em> operativo, 12 dei quali interni<\/p>\n<\/div><\/div><\/div><\/div><\/div><\/div><\/div><\/section>\n","protected":false},"excerpt":{"rendered":"Intervista a: Alfredo Radice (CEO Gale &amp; Cosm) per Kosmetica (https:\/\/www.kosmeticanews.it\/) Un nuovo prodotto dalle prerogative antiossidanti e schiarenti e derivato dai processi di upcycling dell\u2019apprezzatissima bevanda bionda \u00e8 destinato ad arricchire quest\u2019anno il portfolio d\u2019offerta di un celebre distributore di attivi e ingredienti cosmetici riconosciuto ora come un\u2019eccellenza nazionale. di Roberto Carminati L\u2019input dello...","protected":false},"author":4,"featured_media":6123,"comment_status":"closed","ping_status":"closed","sticky":false,"template":"","format":"standard","meta":{"_acf_changed":false,"footnotes":""},"categories":[1],"tags":[],"class_list":["post-6122","post","type-post","status-publish","format-standard","has-post-thumbnail","hentry","category-non-categorizzato"],"acf":[],"yoast_head":"<!-- This site is optimized with the Yoast SEO plugin v27.2 - https:\/\/yoast.com\/product\/yoast-seo-wordpress\/ -->\n<title>Anche nel 2024, viaggiamo a tutta birra! | Gale &amp; Cosm<\/title>\n<meta name=\"robots\" content=\"index, follow, max-snippet:-1, max-image-preview:large, max-video-preview:-1\" \/>\n<link rel=\"canonical\" href=\"https:\/\/www.galecosm.com\/it\/anche-nel-2024-viaggiamo-a-tutta-birra\/\" \/>\n<meta property=\"og:locale\" content=\"it_IT\" \/>\n<meta property=\"og:type\" content=\"article\" \/>\n<meta property=\"og:title\" content=\"Anche nel 2024, viaggiamo a tutta birra! | Gale &amp; Cosm\" \/>\n<meta property=\"og:url\" content=\"https:\/\/www.galecosm.com\/it\/anche-nel-2024-viaggiamo-a-tutta-birra\/\" \/>\n<meta property=\"og:site_name\" content=\"Gale &amp; Cosm\" \/>\n<meta property=\"article:published_time\" content=\"2024-05-30T08:34:22+00:00\" \/>\n<meta property=\"article:modified_time\" content=\"2026-01-13T10:49:56+00:00\" \/>\n<meta property=\"og:image\" content=\"https:\/\/www.galecosm.com\/wp-content\/uploads\/2024\/05\/foto-1.jpg\" \/>\n\t<meta property=\"og:image:width\" content=\"1500\" \/>\n\t<meta property=\"og:image:height\" content=\"2000\" \/>\n\t<meta property=\"og:image:type\" content=\"image\/jpeg\" \/>\n<meta name=\"author\" content=\"Barbara Zanella\" \/>\n<meta name=\"twitter:card\" content=\"summary_large_image\" \/>\n<meta name=\"twitter:label1\" content=\"Scritto da\" \/>\n\t<meta name=\"twitter:data1\" content=\"Barbara Zanella\" \/>\n\t<meta name=\"twitter:label2\" content=\"Tempo di lettura stimato\" \/>\n\t<meta name=\"twitter:data2\" content=\"4 minuti\" \/>\n<script type=\"application\/ld+json\" class=\"yoast-schema-graph\">{\"@context\":\"https:\/\/schema.org\",\"@graph\":[{\"@type\":\"Article\",\"@id\":\"https:\/\/www.galecosm.com\/it\/anche-nel-2024-viaggiamo-a-tutta-birra\/#article\",\"isPartOf\":{\"@id\":\"https:\/\/www.galecosm.com\/it\/anche-nel-2024-viaggiamo-a-tutta-birra\/\"},\"author\":{\"name\":\"Barbara Zanella\",\"@id\":\"https:\/\/www.galecosm.com\/en\/#\/schema\/person\/c42b797ae1736db095bc64b8b3822741\"},\"headline\":\"Anche nel 2024, viaggiamo a tutta birra!\",\"datePublished\":\"2024-05-30T08:34:22+00:00\",\"dateModified\":\"2026-01-13T10:49:56+00:00\",\"mainEntityOfPage\":{\"@id\":\"https:\/\/www.galecosm.com\/it\/anche-nel-2024-viaggiamo-a-tutta-birra\/\"},\"wordCount\":985,\"image\":{\"@id\":\"https:\/\/www.galecosm.com\/it\/anche-nel-2024-viaggiamo-a-tutta-birra\/#primaryimage\"},\"thumbnailUrl\":\"https:\/\/www.galecosm.com\/wp-content\/uploads\/2024\/05\/foto-1.jpg\",\"articleSection\":[\"Non categorizzato\"],\"inLanguage\":\"it-IT\"},{\"@type\":\"WebPage\",\"@id\":\"https:\/\/www.galecosm.com\/it\/anche-nel-2024-viaggiamo-a-tutta-birra\/\",\"url\":\"https:\/\/www.galecosm.com\/it\/anche-nel-2024-viaggiamo-a-tutta-birra\/\",\"name\":\"Anche nel 2024, viaggiamo a tutta birra! | Gale &amp; Cosm\",\"isPartOf\":{\"@id\":\"https:\/\/www.galecosm.com\/en\/#website\"},\"primaryImageOfPage\":{\"@id\":\"https:\/\/www.galecosm.com\/it\/anche-nel-2024-viaggiamo-a-tutta-birra\/#primaryimage\"},\"image\":{\"@id\":\"https:\/\/www.galecosm.com\/it\/anche-nel-2024-viaggiamo-a-tutta-birra\/#primaryimage\"},\"thumbnailUrl\":\"https:\/\/www.galecosm.com\/wp-content\/uploads\/2024\/05\/foto-1.jpg\",\"datePublished\":\"2024-05-30T08:34:22+00:00\",\"dateModified\":\"2026-01-13T10:49:56+00:00\",\"author\":{\"@id\":\"https:\/\/www.galecosm.com\/en\/#\/schema\/person\/c42b797ae1736db095bc64b8b3822741\"},\"breadcrumb\":{\"@id\":\"https:\/\/www.galecosm.com\/it\/anche-nel-2024-viaggiamo-a-tutta-birra\/#breadcrumb\"},\"inLanguage\":\"it-IT\",\"potentialAction\":[{\"@type\":\"ReadAction\",\"target\":[\"https:\/\/www.galecosm.com\/it\/anche-nel-2024-viaggiamo-a-tutta-birra\/\"]}]},{\"@type\":\"ImageObject\",\"inLanguage\":\"it-IT\",\"@id\":\"https:\/\/www.galecosm.com\/it\/anche-nel-2024-viaggiamo-a-tutta-birra\/#primaryimage\",\"url\":\"https:\/\/www.galecosm.com\/wp-content\/uploads\/2024\/05\/foto-1.jpg\",\"contentUrl\":\"https:\/\/www.galecosm.com\/wp-content\/uploads\/2024\/05\/foto-1.jpg\",\"width\":1500,\"height\":2000},{\"@type\":\"BreadcrumbList\",\"@id\":\"https:\/\/www.galecosm.com\/it\/anche-nel-2024-viaggiamo-a-tutta-birra\/#breadcrumb\",\"itemListElement\":[{\"@type\":\"ListItem\",\"position\":1,\"name\":\"Home\",\"item\":\"https:\/\/www.galecosm.com\/en\/\"},{\"@type\":\"ListItem\",\"position\":2,\"name\":\"Anche nel 2024, viaggiamo a tutta birra!\"}]},{\"@type\":\"WebSite\",\"@id\":\"https:\/\/www.galecosm.com\/en\/#website\",\"url\":\"https:\/\/www.galecosm.com\/en\/\",\"name\":\"Gale &amp; Cosm\",\"description\":\"\",\"potentialAction\":[{\"@type\":\"SearchAction\",\"target\":{\"@type\":\"EntryPoint\",\"urlTemplate\":\"https:\/\/www.galecosm.com\/en\/?s={search_term_string}\"},\"query-input\":{\"@type\":\"PropertyValueSpecification\",\"valueRequired\":true,\"valueName\":\"search_term_string\"}}],\"inLanguage\":\"it-IT\"},{\"@type\":\"Person\",\"@id\":\"https:\/\/www.galecosm.com\/en\/#\/schema\/person\/c42b797ae1736db095bc64b8b3822741\",\"name\":\"Barbara Zanella\",\"image\":{\"@type\":\"ImageObject\",\"inLanguage\":\"it-IT\",\"@id\":\"https:\/\/secure.gravatar.com\/avatar\/d6935d8fb049845c7e577f7de78ee141876272ae3eb65226f821b7dc48c185ea?s=96&d=mm&r=g\",\"url\":\"https:\/\/secure.gravatar.com\/avatar\/d6935d8fb049845c7e577f7de78ee141876272ae3eb65226f821b7dc48c185ea?s=96&d=mm&r=g\",\"contentUrl\":\"https:\/\/secure.gravatar.com\/avatar\/d6935d8fb049845c7e577f7de78ee141876272ae3eb65226f821b7dc48c185ea?s=96&d=mm&r=g\",\"caption\":\"Barbara Zanella\"}}]}<\/script>\n<!-- \/ Yoast SEO plugin. -->","yoast_head_json":{"title":"Anche nel 2024, viaggiamo a tutta birra! | Gale &amp; Cosm","robots":{"index":"index","follow":"follow","max-snippet":"max-snippet:-1","max-image-preview":"max-image-preview:large","max-video-preview":"max-video-preview:-1"},"canonical":"https:\/\/www.galecosm.com\/it\/anche-nel-2024-viaggiamo-a-tutta-birra\/","og_locale":"it_IT","og_type":"article","og_title":"Anche nel 2024, viaggiamo a tutta birra! | Gale &amp; Cosm","og_url":"https:\/\/www.galecosm.com\/it\/anche-nel-2024-viaggiamo-a-tutta-birra\/","og_site_name":"Gale &amp; Cosm","article_published_time":"2024-05-30T08:34:22+00:00","article_modified_time":"2026-01-13T10:49:56+00:00","og_image":[{"width":1500,"height":2000,"url":"https:\/\/www.galecosm.com\/wp-content\/uploads\/2024\/05\/foto-1.jpg","type":"image\/jpeg"}],"author":"Barbara Zanella","twitter_card":"summary_large_image","twitter_misc":{"Scritto da":"Barbara Zanella","Tempo di lettura stimato":"4 minuti"},"schema":{"@context":"https:\/\/schema.org","@graph":[{"@type":"Article","@id":"https:\/\/www.galecosm.com\/it\/anche-nel-2024-viaggiamo-a-tutta-birra\/#article","isPartOf":{"@id":"https:\/\/www.galecosm.com\/it\/anche-nel-2024-viaggiamo-a-tutta-birra\/"},"author":{"name":"Barbara Zanella","@id":"https:\/\/www.galecosm.com\/en\/#\/schema\/person\/c42b797ae1736db095bc64b8b3822741"},"headline":"Anche nel 2024, viaggiamo a tutta birra!","datePublished":"2024-05-30T08:34:22+00:00","dateModified":"2026-01-13T10:49:56+00:00","mainEntityOfPage":{"@id":"https:\/\/www.galecosm.com\/it\/anche-nel-2024-viaggiamo-a-tutta-birra\/"},"wordCount":985,"image":{"@id":"https:\/\/www.galecosm.com\/it\/anche-nel-2024-viaggiamo-a-tutta-birra\/#primaryimage"},"thumbnailUrl":"https:\/\/www.galecosm.com\/wp-content\/uploads\/2024\/05\/foto-1.jpg","articleSection":["Non categorizzato"],"inLanguage":"it-IT"},{"@type":"WebPage","@id":"https:\/\/www.galecosm.com\/it\/anche-nel-2024-viaggiamo-a-tutta-birra\/","url":"https:\/\/www.galecosm.com\/it\/anche-nel-2024-viaggiamo-a-tutta-birra\/","name":"Anche nel 2024, viaggiamo a tutta birra! | Gale &amp; Cosm","isPartOf":{"@id":"https:\/\/www.galecosm.com\/en\/#website"},"primaryImageOfPage":{"@id":"https:\/\/www.galecosm.com\/it\/anche-nel-2024-viaggiamo-a-tutta-birra\/#primaryimage"},"image":{"@id":"https:\/\/www.galecosm.com\/it\/anche-nel-2024-viaggiamo-a-tutta-birra\/#primaryimage"},"thumbnailUrl":"https:\/\/www.galecosm.com\/wp-content\/uploads\/2024\/05\/foto-1.jpg","datePublished":"2024-05-30T08:34:22+00:00","dateModified":"2026-01-13T10:49:56+00:00","author":{"@id":"https:\/\/www.galecosm.com\/en\/#\/schema\/person\/c42b797ae1736db095bc64b8b3822741"},"breadcrumb":{"@id":"https:\/\/www.galecosm.com\/it\/anche-nel-2024-viaggiamo-a-tutta-birra\/#breadcrumb"},"inLanguage":"it-IT","potentialAction":[{"@type":"ReadAction","target":["https:\/\/www.galecosm.com\/it\/anche-nel-2024-viaggiamo-a-tutta-birra\/"]}]},{"@type":"ImageObject","inLanguage":"it-IT","@id":"https:\/\/www.galecosm.com\/it\/anche-nel-2024-viaggiamo-a-tutta-birra\/#primaryimage","url":"https:\/\/www.galecosm.com\/wp-content\/uploads\/2024\/05\/foto-1.jpg","contentUrl":"https:\/\/www.galecosm.com\/wp-content\/uploads\/2024\/05\/foto-1.jpg","width":1500,"height":2000},{"@type":"BreadcrumbList","@id":"https:\/\/www.galecosm.com\/it\/anche-nel-2024-viaggiamo-a-tutta-birra\/#breadcrumb","itemListElement":[{"@type":"ListItem","position":1,"name":"Home","item":"https:\/\/www.galecosm.com\/en\/"},{"@type":"ListItem","position":2,"name":"Anche nel 2024, viaggiamo a tutta birra!"}]},{"@type":"WebSite","@id":"https:\/\/www.galecosm.com\/en\/#website","url":"https:\/\/www.galecosm.com\/en\/","name":"Gale &amp; Cosm","description":"","potentialAction":[{"@type":"SearchAction","target":{"@type":"EntryPoint","urlTemplate":"https:\/\/www.galecosm.com\/en\/?s={search_term_string}"},"query-input":{"@type":"PropertyValueSpecification","valueRequired":true,"valueName":"search_term_string"}}],"inLanguage":"it-IT"},{"@type":"Person","@id":"https:\/\/www.galecosm.com\/en\/#\/schema\/person\/c42b797ae1736db095bc64b8b3822741","name":"Barbara Zanella","image":{"@type":"ImageObject","inLanguage":"it-IT","@id":"https:\/\/secure.gravatar.com\/avatar\/d6935d8fb049845c7e577f7de78ee141876272ae3eb65226f821b7dc48c185ea?s=96&d=mm&r=g","url":"https:\/\/secure.gravatar.com\/avatar\/d6935d8fb049845c7e577f7de78ee141876272ae3eb65226f821b7dc48c185ea?s=96&d=mm&r=g","contentUrl":"https:\/\/secure.gravatar.com\/avatar\/d6935d8fb049845c7e577f7de78ee141876272ae3eb65226f821b7dc48c185ea?s=96&d=mm&r=g","caption":"Barbara Zanella"}}]}},"_links":{"self":[{"href":"https:\/\/www.galecosm.com\/it\/wp-json\/wp\/v2\/posts\/6122","targetHints":{"allow":["GET"]}}],"collection":[{"href":"https:\/\/www.galecosm.com\/it\/wp-json\/wp\/v2\/posts"}],"about":[{"href":"https:\/\/www.galecosm.com\/it\/wp-json\/wp\/v2\/types\/post"}],"author":[{"embeddable":true,"href":"https:\/\/www.galecosm.com\/it\/wp-json\/wp\/v2\/users\/4"}],"replies":[{"embeddable":true,"href":"https:\/\/www.galecosm.com\/it\/wp-json\/wp\/v2\/comments?post=6122"}],"version-history":[{"count":2,"href":"https:\/\/www.galecosm.com\/it\/wp-json\/wp\/v2\/posts\/6122\/revisions"}],"predecessor-version":[{"id":6233,"href":"https:\/\/www.galecosm.com\/it\/wp-json\/wp\/v2\/posts\/6122\/revisions\/6233"}],"wp:featuredmedia":[{"embeddable":true,"href":"https:\/\/www.galecosm.com\/it\/wp-json\/wp\/v2\/media\/6123"}],"wp:attachment":[{"href":"https:\/\/www.galecosm.com\/it\/wp-json\/wp\/v2\/media?parent=6122"}],"wp:term":[{"taxonomy":"category","embeddable":true,"href":"https:\/\/www.galecosm.com\/it\/wp-json\/wp\/v2\/categories?post=6122"},{"taxonomy":"post_tag","embeddable":true,"href":"https:\/\/www.galecosm.com\/it\/wp-json\/wp\/v2\/tags?post=6122"}],"curies":[{"name":"wp","href":"https:\/\/api.w.org\/{rel}","templated":true}]}}